{"id":26043,"date":"2023-02-10T10:38:11","date_gmt":"2023-02-10T10:38:11","guid":{"rendered":"https:\/\/fssj.es\/servicio-de-atencion-a-las-familias-con-motivo-del-covid-19\/"},"modified":"2023-05-23T09:37:41","modified_gmt":"2023-05-23T09:37:41","slug":"servicio-de-atencion-a-las-familias-con-motivo-del-covid-19","status":"publish","type":"post","link":"https:\/\/fssj.es\/es\/servicio-de-atencion-a-las-familias-con-motivo-del-covid-19\/","title":{"rendered":"Servicio de atenci\u00f3n a las familias con motivo del Covid-19"},"content":{"rendered":"\t\t<div data-elementor-type=\"wp-post\" data-elementor-id=\"26043\" class=\"elementor elementor-26043 elementor-23767\" data-elementor-post-type=\"post\">\n\t\t\t\t\t\t<section class=\"elementor-section elementor-top-section elementor-element elementor-element-4b1e8172 elementor-section-boxed elementor-section-height-default elementor-section-height-default sc_fly_static\" data-id=\"4b1e8172\" data-element_type=\"section\" data-e-type=\"section\">\n\t\t\t\t\t\t<div class=\"elementor-container elementor-column-gap-extended\">\n\t\t\t\t\t<div class=\"elementor-column elementor-col-100 elementor-top-column elementor-element elementor-element-44cf9c3b sc_inner_width_none sc_content_align_inherit sc_layouts_column_icons_position_left sc_fly_static\" data-id=\"44cf9c3b\" data-element_type=\"column\" data-e-type=\"column\">\n\t\t\t<div class=\"elementor-widget-wrap elementor-element-populated\">\n\t\t\t\t\t\t<div class=\"elementor-element elementor-element-37089bdb sc_fly_static elementor-widget elementor-widget-text-editor\" data-id=\"37089bdb\" data-element_type=\"widget\" data-e-type=\"widget\" data-widget_type=\"text-editor.default\">\n\t\t\t\t<div class=\"elementor-widget-container\">\n\t\t\t\t\t\t\t\t\t<p><\/p>\n<p><span class=\"trx_addons_dropcap trx_addons_dropcap_style_2\">D<\/span><\/p>\n<p>adas las circumstancias de estado de alerta sanitaria, por motivos de seguridad, el pasado d\u00eda 12 de abril nos vimos obligados a cerrar nuestras puertas a todas aquellas personas que no formaban parte del equipo profesional del centro, prohibiendo as\u00ed tambi\u00e9n las visitas de las familias.<\/p>\n<p>Con el objetivo de mantener a las familias informadas y buscando la tranquilidad y el mejor acompa\u00f1amiento tanto para los pacientes como para sus familiares, se estableci\u00f3 un protocolo de actuaci\u00f3n.<\/p>\n<p>Cada d\u00eda el m\u00e9dico hace una valoraci\u00f3n del paciente y se le comunica al familiar de referencia. El equipo de psic\u00f3logos es el encargado de contactar con las familias de aquellos pacientes que se encuentran estables y lo hace cada dos d\u00edas. En el caso de los pacientes no estables, la comunicaci\u00f3n es con el m\u00e9dico y es tan frecuente como el doctor\/a considere. En ambos casos, la comunicaci\u00f3n es telef\u00f3nica.<\/p>\n<p>Por otro lado, tambi\u00e9n se instaur\u00f3 la comunicaci\u00f3n a trav\u00e9s de videoconferencia con tablets y con el acompa\u00f1amiento de un psic\u00f3logo\/a con aquellos pacientes que su estado cognitivo se los lo permite.<\/p>\n<p>Estas nuevas medidas de comunicaci\u00f3n han recibido muy buena acogida y son muy agradecidas tanto por los pacientes como por los familiares.<\/p>\n<p><\/p>\n\t\t\t\t\t\t\t\t<\/div>\n\t\t\t\t<\/div>\n\t\t\t\t\t<\/div>\n\t\t<\/div>\n\t\t\t\t\t<\/div>\n\t\t<\/section>\n\t\t\t\t<\/div>\n\t\t","protected":false},"excerpt":{"rendered":"<p>D adas las circumstancias de estado de alerta sanitaria, por motivos de seguridad, el pasado d\u00eda 12 de abril nos vimos obligados a cerrar nuestras puertas a todas aquellas personas&hellip;<\/p>\n","protected":false},"author":1,"featured_media":25542,"comment_status":"closed","ping_status":"closed","sticky":false,"template":"","format":"standard","meta":{"footnotes":""},"categories":[230],"tags":[],"class_list":["post-26043","post","type-post","status-publish","format-standard","has-post-thumbnail","hentry","category-notas-prensa"],"_links":{"self":[{"href":"https:\/\/fssj.es\/es\/wp-json\/wp\/v2\/posts\/26043","targetHints":{"allow":["GET"]}}],"collection":[{"href":"https:\/\/fssj.es\/es\/wp-json\/wp\/v2\/posts"}],"about":[{"href":"https:\/\/fssj.es\/es\/wp-json\/wp\/v2\/types\/post"}],"author":[{"embeddable":true,"href":"https:\/\/fssj.es\/es\/wp-json\/wp\/v2\/users\/1"}],"replies":[{"embeddable":true,"href":"https:\/\/fssj.es\/es\/wp-json\/wp\/v2\/comments?post=26043"}],"version-history":[{"count":0,"href":"https:\/\/fssj.es\/es\/wp-json\/wp\/v2\/posts\/26043\/revisions"}],"wp:featuredmedia":[{"embeddable":true,"href":"https:\/\/fssj.es\/es\/wp-json\/wp\/v2\/media\/25542"}],"wp:attachment":[{"href":"https:\/\/fssj.es\/es\/wp-json\/wp\/v2\/media?parent=26043"}],"wp:term":[{"taxonomy":"category","embeddable":true,"href":"https:\/\/fssj.es\/es\/wp-json\/wp\/v2\/categories?post=26043"},{"taxonomy":"post_tag","embeddable":true,"href":"https:\/\/fssj.es\/es\/wp-json\/wp\/v2\/tags?post=26043"}],"curies":[{"name":"wp","href":"https:\/\/api.w.org\/{rel}","templated":true}]}}