{"id":26049,"date":"2022-02-04T14:18:50","date_gmt":"2022-02-04T14:18:50","guid":{"rendered":"https:\/\/fssj.es\/se-incorporan-7-estudiantes-en-practicas-del-grado-de-enfermeria-del-campus-universitario\/"},"modified":"2023-05-23T09:46:20","modified_gmt":"2023-05-23T09:46:20","slug":"se-incorporan-7-estudiantes-en-practicas-del-grado-de-enfermeria-del-campus-universitario","status":"publish","type":"post","link":"https:\/\/fssj.es\/es\/se-incorporan-7-estudiantes-en-practicas-del-grado-de-enfermeria-del-campus-universitario\/","title":{"rendered":"Se incorporan 7 estudiantes en pr\u00e1cticas del Grado de Enfermer\u00eda del Campus Universitario"},"content":{"rendered":"\t\t<div data-elementor-type=\"wp-post\" data-elementor-id=\"26049\" class=\"elementor elementor-26049 elementor-20442\" data-elementor-post-type=\"post\">\n\t\t\t\t\t\t<section class=\"elementor-section elementor-top-section elementor-element elementor-element-4b1e8172 elementor-section-boxed elementor-section-height-default elementor-section-height-default sc_fly_static\" data-id=\"4b1e8172\" data-element_type=\"section\" data-e-type=\"section\">\n\t\t\t\t\t\t<div class=\"elementor-container elementor-column-gap-extended\">\n\t\t\t\t\t<div class=\"elementor-column elementor-col-100 elementor-top-column elementor-element elementor-element-44cf9c3b sc_inner_width_none sc_content_align_inherit sc_layouts_column_icons_position_left sc_fly_static\" data-id=\"44cf9c3b\" data-element_type=\"column\" data-e-type=\"column\">\n\t\t\t<div class=\"elementor-widget-wrap elementor-element-populated\">\n\t\t\t\t\t\t<div class=\"elementor-element elementor-element-37089bdb sc_fly_static elementor-widget elementor-widget-text-editor\" data-id=\"37089bdb\" data-element_type=\"widget\" data-e-type=\"widget\" data-widget_type=\"text-editor.default\">\n\t\t\t\t<div class=\"elementor-widget-container\">\n\t\t\t\t\t\t\t\t\t\n<p><span class=\"trx_addons_dropcap trx_addons_dropcap_style_2\">E<\/span><\/p>\n<p>l pasado viernes 4 de marzo, 7 alumnos de la primera promoci\u00f3n del Grado de Enfermer\u00eda del Campus Universitario de Igualada se incorporaron a la Fundaci\u00f3 Sociosanit\u0430ria Sant Josep como estudiantes en pr\u00e1cticas. Durante 28 horas tendr\u00e1n su primer contacto con la realidad de su profesi\u00f3n, una oportunidad para conocerla de primera mano.<\/p>\n<p>Los alumnos est\u00e1n cursando el primer curso de sus estudios que tienen una duraci\u00f3n de cuatro a\u00f1os y una carga lectiva de 240 cr\u00e9ditos. Estas pr\u00e1cticas son un primer tanteo, puesto que a lo largo de toda la carrera repetir\u00e1n como estudiantes en pr\u00e1cticas en el mismo o en otros centros sanitarios. El grado en enfermer\u00eda es una ense\u00f1anza orientada a la acci\u00f3n, un aprendizaje experiencial y activo en que el estudiante se convierte en el principal protagonista de su proceso de ense\u00f1anza aprendizaje y por eso las pr\u00e1cticas cl\u00ednicas a las instituciones se implementan desde el primer curso.<\/p>\n<p>Llu\u00eds Pujol, director de la Fundaci\u00f3 Sociosanit\u0430ria Sant Josep, muestra su satisfacci\u00f3n \u201cpara poder participar de la formaci\u00f3n de los futuros profesionales y colaborar con la Universidad en la construcci\u00f3n de nuestro sector\u201d y a\u00f1ade que \u201clos centros sanitarios y los centros formadores tienen que ir siempre de la m\u0430no, uno necesita del otro por la mejor evoluci\u00f3n del servicio sanitario\u201d.<\/p>\n<p>La formaci\u00f3n que se proporciona al Grado en Enfermer\u00eda tiene como objetivo principal formar profesionales altamente cualificados en el \u00e1mbito de las curas a las personas, ofreci\u00e9ndoles una s\u00f3lida formaci\u00f3n pr\u00e1ctica, humana y cient\u00edfica para que sean capaces de adaptarse a los requerimientos y constantes cambios del mundo profesional y de la sociedad y de esta forma, les permita una r\u0430pida inserci\u00f3n laboral.<\/p>\n<p>La Fundaci\u00f3 Sant Josep es un centro sanitario con m\u00e1s de 30 a\u00f1os de experiencia que ofrece diversidad de servicios cl\u00ednicos y de atenci\u00f3n social para personas de todas las edades y con diferentes patolog\u00edas y\/o necesidades. Concretamente, a la Fundaci\u00f3n Sanit\u0430ria Sant Josep se puede encontrar: unidades de hospitalizaci\u00f3n, hospital de d\u00eda, Llar Verdaguer, Sant Josep Residencial, servicio externo de logopedia, servicio de fisioterapia, consulta de geriatr\u00eda, el equipo de evaluaci\u00f3n integral ambulatoria de trastornos cognitivos y la gesti\u00f3n del Centro de d\u00eda Montbui.<\/p>\n\t\t\t\t\t\t\t\t<\/div>\n\t\t\t\t<\/div>\n\t\t\t\t\t<\/div>\n\t\t<\/div>\n\t\t\t\t\t<\/div>\n\t\t<\/section>\n\t\t\t\t<\/div>\n\t\t","protected":false},"excerpt":{"rendered":"<p>E l pasado viernes 4 de marzo, 7 alumnos de la primera promoci\u00f3n del Grado de Enfermer\u00eda del Campus Universitario de Igualada se incorporaron a la Fundaci\u00f3 Sociosanit\u0430ria Sant Josep&hellip;<\/p>\n","protected":false},"author":1,"featured_media":25529,"comment_status":"closed","ping_status":"closed","sticky":false,"template":"","format":"standard","meta":{"footnotes":""},"categories":[231],"tags":[],"class_list":["post-26049","post","type-post","status-publish","format-standard","has-post-thumbnail","hentry","category-consejos-de-salud"],"_links":{"self":[{"href":"https:\/\/fssj.es\/es\/wp-json\/wp\/v2\/posts\/26049","targetHints":{"allow":["GET"]}}],"collection":[{"href":"https:\/\/fssj.es\/es\/wp-json\/wp\/v2\/posts"}],"about":[{"href":"https:\/\/fssj.es\/es\/wp-json\/wp\/v2\/types\/post"}],"author":[{"embeddable":true,"href":"https:\/\/fssj.es\/es\/wp-json\/wp\/v2\/users\/1"}],"replies":[{"embeddable":true,"href":"https:\/\/fssj.es\/es\/wp-json\/wp\/v2\/comments?post=26049"}],"version-history":[{"count":0,"href":"https:\/\/fssj.es\/es\/wp-json\/wp\/v2\/posts\/26049\/revisions"}],"wp:featuredmedia":[{"embeddable":true,"href":"https:\/\/fssj.es\/es\/wp-json\/wp\/v2\/media\/25529"}],"wp:attachment":[{"href":"https:\/\/fssj.es\/es\/wp-json\/wp\/v2\/media?parent=26049"}],"wp:term":[{"taxonomy":"category","embeddable":true,"href":"https:\/\/fssj.es\/es\/wp-json\/wp\/v2\/categories?post=26049"},{"taxonomy":"post_tag","embeddable":true,"href":"https:\/\/fssj.es\/es\/wp-json\/wp\/v2\/tags?post=26049"}],"curies":[{"name":"wp","href":"https:\/\/api.w.org\/{rel}","templated":true}]}}