{"id":26077,"date":"2018-02-10T13:10:00","date_gmt":"2018-02-10T13:10:00","guid":{"rendered":"https:\/\/fssj.es\/dia-mundial-de-la-diabetes\/"},"modified":"2023-05-23T10:29:04","modified_gmt":"2023-05-23T10:29:04","slug":"dia-mundial-de-la-diabetes","status":"publish","type":"post","link":"https:\/\/fssj.es\/es\/dia-mundial-de-la-diabetes\/","title":{"rendered":"D\u00eda Mundial de la Diabetes"},"content":{"rendered":"\t\t<div data-elementor-type=\"wp-post\" data-elementor-id=\"26077\" class=\"elementor elementor-26077 elementor-24023\" data-elementor-post-type=\"post\">\n\t\t\t\t\t\t<section class=\"elementor-section elementor-top-section elementor-element elementor-element-4b1e8172 elementor-section-boxed elementor-section-height-default elementor-section-height-default sc_fly_static\" data-id=\"4b1e8172\" data-element_type=\"section\" data-e-type=\"section\">\n\t\t\t\t\t\t<div class=\"elementor-container elementor-column-gap-extended\">\n\t\t\t\t\t<div class=\"elementor-column elementor-col-100 elementor-top-column elementor-element elementor-element-44cf9c3b sc_inner_width_none sc_content_align_inherit sc_layouts_column_icons_position_left sc_fly_static\" data-id=\"44cf9c3b\" data-element_type=\"column\" data-e-type=\"column\">\n\t\t\t<div class=\"elementor-widget-wrap elementor-element-populated\">\n\t\t\t\t\t\t<div class=\"elementor-element elementor-element-37089bdb sc_fly_static elementor-widget elementor-widget-text-editor\" data-id=\"37089bdb\" data-element_type=\"widget\" data-e-type=\"widget\" data-widget_type=\"text-editor.default\">\n\t\t\t\t<div class=\"elementor-widget-container\">\n\t\t\t\t\t\t\t\t\t<p><\/p>\n<p><span class=\"trx_addons_dropcap trx_addons_dropcap_style_2\">C<\/span><\/p>\n<p>on motivo del D\u00eda Mundial de la Diabetes, el pasado 14 de noviembre, se llevaron a cabo una serie de actividades a cargo de los profesionales de la Fundaci\u00f3 Sanitaria Sant Josep en dos de nuestros servicios. Os hacemos un resumen:<\/p>\n<p>Mural a la recepci\u00f3n del centro: Para hacer llegar a la poblaci\u00f3n un poco de informaci\u00f3n y sensibilizaci\u00f3n sobre la diabetes, a la recepci\u00f3n del centro y del Hospital de D\u00eda, exhibimos un mural destinado a desmentir los mitos de esta enfermedad y otro que mostraba la cantidad de az\u00facar presente en algunos alimentos.<\/p>\n<p><img fetchpriority=\"high\" decoding=\"async\" class=\"alignnone size-medium wp-image-24031\" src=\"https:\/\/fssj.es\/wp-content\/uploads\/2023\/02\/tumblr_inline_ozq26iaowF1t2a82s_500-300x230.png\" alt=\"\" width=\"300\" height=\"230\" srcset=\"https:\/\/fssj.es\/wp-content\/uploads\/2023\/02\/tumblr_inline_ozq26iaowF1t2a82s_500-300x230.png 300w, https:\/\/fssj.es\/wp-content\/uploads\/2023\/02\/tumblr_inline_ozq26iaowF1t2a82s_500-370x283.png 370w, https:\/\/fssj.es\/wp-content\/uploads\/2023\/02\/tumblr_inline_ozq26iaowF1t2a82s_500-410x314.png 410w, https:\/\/fssj.es\/wp-content\/uploads\/2023\/02\/tumblr_inline_ozq26iaowF1t2a82s_500.png 477w\" sizes=\"(max-width: 300px) 100vw, 300px\" \/><\/p>\n<p>Debate con los pacientes\/usuarios sobre el contenido de los murales y resoluci\u00f3n de dudas frecuentes: Durante el d\u00eda tuvieron lugar varias sesiones en las cuales los pacientes y profesionales hablaban sobre la diabetes. Los usuarios compartieron sus experiencias y se los resolvieron dudes entorno el tema.<\/p>\n<p><img decoding=\"async\" class=\"alignnone size-medium wp-image-24030\" src=\"https:\/\/fssj.es\/wp-content\/uploads\/2023\/02\/tumblr_inline_ozq265G7dd1t2a82s_500-300x231.png\" alt=\"\" width=\"300\" height=\"231\" srcset=\"https:\/\/fssj.es\/wp-content\/uploads\/2023\/02\/tumblr_inline_ozq265G7dd1t2a82s_500-300x231.png 300w, https:\/\/fssj.es\/wp-content\/uploads\/2023\/02\/tumblr_inline_ozq265G7dd1t2a82s_500-370x284.png 370w, https:\/\/fssj.es\/wp-content\/uploads\/2023\/02\/tumblr_inline_ozq265G7dd1t2a82s_500-410x315.png 410w, https:\/\/fssj.es\/wp-content\/uploads\/2023\/02\/tumblr_inline_ozq265G7dd1t2a82s_500.png 445w\" sizes=\"(max-width: 300px) 100vw, 300px\" \/><\/p>\n<p>Postres adaptado sin az\u00facares a\u00f1adidos: preparamos y servir por postres un puding sin az\u00facares de adici\u00f3n. Entre sus ingredientes hab\u00eda alimentos cotidianos como la leche semidesnatada, pan integral, huevo, canela, mantequilla y edulcorante.<\/p>\n<p><img decoding=\"async\" class=\"alignnone size-medium wp-image-24029\" src=\"https:\/\/fssj.es\/wp-content\/uploads\/2023\/02\/tumblr_inline_ozq24pSI2d1t2a82s_400-300x218.png\" alt=\"\" width=\"300\" height=\"218\" srcset=\"https:\/\/fssj.es\/wp-content\/uploads\/2023\/02\/tumblr_inline_ozq24pSI2d1t2a82s_400-300x218.png 300w, https:\/\/fssj.es\/wp-content\/uploads\/2023\/02\/tumblr_inline_ozq24pSI2d1t2a82s_400-370x270.png 370w, https:\/\/fssj.es\/wp-content\/uploads\/2023\/02\/tumblr_inline_ozq24pSI2d1t2a82s_400.png 372w\" sizes=\"(max-width: 300px) 100vw, 300px\" \/><\/p>\n<p><\/p>\t\t\t\t\t\t\t\t<\/div>\n\t\t\t\t<\/div>\n\t\t\t\t\t<\/div>\n\t\t<\/div>\n\t\t\t\t\t<\/div>\n\t\t<\/section>\n\t\t\t\t<\/div>\n\t\t","protected":false},"excerpt":{"rendered":"<p>C on motivo del D\u00eda Mundial de la Diabetes, el pasado 14 de noviembre, se llevaron a cabo una serie de actividades a cargo de los profesionales de la Fundaci\u00f3&hellip;<\/p>\n","protected":false},"author":1,"featured_media":25573,"comment_status":"closed","ping_status":"closed","sticky":false,"template":"","format":"standard","meta":{"footnotes":""},"categories":[230],"tags":[],"class_list":["post-26077","post","type-post","status-publish","format-standard","has-post-thumbnail","hentry","category-notas-prensa"],"_links":{"self":[{"href":"https:\/\/fssj.es\/es\/wp-json\/wp\/v2\/posts\/26077","targetHints":{"allow":["GET"]}}],"collection":[{"href":"https:\/\/fssj.es\/es\/wp-json\/wp\/v2\/posts"}],"about":[{"href":"https:\/\/fssj.es\/es\/wp-json\/wp\/v2\/types\/post"}],"author":[{"embeddable":true,"href":"https:\/\/fssj.es\/es\/wp-json\/wp\/v2\/users\/1"}],"replies":[{"embeddable":true,"href":"https:\/\/fssj.es\/es\/wp-json\/wp\/v2\/comments?post=26077"}],"version-history":[{"count":0,"href":"https:\/\/fssj.es\/es\/wp-json\/wp\/v2\/posts\/26077\/revisions"}],"wp:featuredmedia":[{"embeddable":true,"href":"https:\/\/fssj.es\/es\/wp-json\/wp\/v2\/media\/25573"}],"wp:attachment":[{"href":"https:\/\/fssj.es\/es\/wp-json\/wp\/v2\/media?parent=26077"}],"wp:term":[{"taxonomy":"category","embeddable":true,"href":"https:\/\/fssj.es\/es\/wp-json\/wp\/v2\/categories?post=26077"},{"taxonomy":"post_tag","embeddable":true,"href":"https:\/\/fssj.es\/es\/wp-json\/wp\/v2\/tags?post=26077"}],"curies":[{"name":"wp","href":"https:\/\/api.w.org\/{rel}","templated":true}]}}