{"id":27211,"date":"2024-05-22T11:31:40","date_gmt":"2024-05-22T11:31:40","guid":{"rendered":"https:\/\/fssj.es\/cinc-establiments-de-la-catalunya-central-sincorporen-a-la-xarxa-amed-dalimentacio-saludable\/"},"modified":"2024-05-23T07:26:34","modified_gmt":"2024-05-23T07:26:34","slug":"cinc-establiments-de-la-catalunya-central-sincorporen-a-la-xarxa-amed-dalimentacio-saludable","status":"publish","type":"post","link":"https:\/\/fssj.es\/es\/cinc-establiments-de-la-catalunya-central-sincorporen-a-la-xarxa-amed-dalimentacio-saludable\/","title":{"rendered":"Cinco establecimientos de la Catalu\u00f1a Central se incorporan en la red Amed de alimentaci\u00f3n saludable"},"content":{"rendered":"\t\t<div data-elementor-type=\"wp-post\" data-elementor-id=\"27211\" class=\"elementor elementor-27211 elementor-27086\" data-elementor-post-type=\"post\">\n\t\t\t\t\t\t<section class=\"elementor-section elementor-top-section elementor-element elementor-element-4b1e8172 elementor-section-boxed elementor-section-height-default elementor-section-height-default sc_fly_static\" data-id=\"4b1e8172\" data-element_type=\"section\" data-e-type=\"section\">\n\t\t\t\t\t\t<div class=\"elementor-container elementor-column-gap-extended\">\n\t\t\t\t\t<div class=\"elementor-column elementor-col-100 elementor-top-column elementor-element elementor-element-44cf9c3b sc_inner_width_none sc_content_align_inherit sc_layouts_column_icons_position_left sc_fly_static\" data-id=\"44cf9c3b\" data-element_type=\"column\" data-e-type=\"column\">\n\t\t\t<div class=\"elementor-widget-wrap elementor-element-populated\">\n\t\t\t\t\t\t<div class=\"elementor-element elementor-element-37089bdb sc_fly_static elementor-widget elementor-widget-text-editor\" data-id=\"37089bdb\" data-element_type=\"widget\" data-e-type=\"widget\" data-widget_type=\"text-editor.default\">\n\t\t\t\t<div class=\"elementor-widget-container\">\n\t\t\t\t\t\t\t\t\t<p> <\/p>\n<p><span class=\"trx_addons_dropcap trx_addons_dropcap_style_2\">E<\/span><\/p>\n<p>l Hospital de Sant Jaume ya hab\u00eda tenido la acreditaci\u00f3n, pero lo hab\u00eda perdido a ra\u00edz del cierre de la cafeter\u00eda, obligado por la pandemia. Ahora ya vuelve a formar parte de Amed: han recogido la acreditaci\u00f3n, el pasado jueves 9 de mayo, Jaume Castellano y Pluj\u00e0 y Marga Moreno Rodr\u00edguez del Consorcio Hospitalario de Vic y Meritxell Suades Santamaria y Vicen\u00e7 Marr\u00e8 y Soler, de la empresa Boris 45. Tambi\u00e9n la ha recibido Andrea M\u00ednguez, responsable de la gesti\u00f3n del Albergue Vic Xanascat, junto con Raquel N\u00fa\u00f1ez, del grupo SERHS, que ha ganado recientemente la concesi\u00f3n de la gesti\u00f3n de la restauraci\u00f3n de la equipaci\u00f3n y que renueva el compromiso con el sello Amed que ya hab\u00eda obtenido la gestora anterior.<\/p>\n<p><strong>Aqu\u00ed s\u00ed. Fruita i Salut<\/strong> <br>Paralelamente a los certificados Amed, estos dos establecimientos han recibido el certificado de adhesi\u00f3n a la campa\u00f1a del Departamento de Salud <strong>Aqu\u00ed s\u00ed. Fruita i salut<\/strong>, como establecimientos promotores del consumo de fruta. Esta es una campa\u00f1a de identificaci\u00f3n de todos los establecimientos comprometidos en el consumo de fruta fresca, variada, de calidad y de proximidad en los establecimientos de restauraci\u00f3n y de venta minorista. <br>El objetivo es conseguir que cada vez haya m\u00e1s establecimientos que ofrezcan fruta preparada para el consumo, como fruter\u00edas, bares, restaurantes y otros establecimientos, para que esta opci\u00f3n acontezca una oferta tan atractiva, o m\u00e1s, para el consumidor como cualquier otra opci\u00f3n. En la Catalu\u00f1a central, actualmente, hay 48 establecimientos adheridos a la Campa\u00f1a. <br>El consumo habitual de fruta fresca es uno de los elementos centrales de la dieta mediterr\u00e1nea y la alimentaci\u00f3n saludable. Cada raci\u00f3n adicional de fruta o verdura fresca consumida habitualmente reduce un 7% el riesgo de sufrir afecciones coronarias.<\/p>\n<p><strong>Igualada gana 3 establecimientos Amed<\/strong> <br>Cuando se cambia de empresa de c\u00e1terin, la acreditaci\u00f3n Amed se pierde y hay que volver a pedirla. Ha pasado tambi\u00e9n en dos de los tres establecimientos de la Fundaci\u00f3 Privada \u00c0uria. En este caso, el acto de entrega se ha llevado a cabo a las instalaciones ubicadas a la Avda. Andorra y la acreditaci\u00f3n de las tres instalaciones lo ha recogido Laura Coral, responsable del servicio de comedor, y Marta Segura, t\u00e9cnica de calidad de la FP \u00c0uria.<\/p>\n<p>Adem\u00e1s de este acto de entrega y bienvenida a Amed en la FP \u00c0uria, tambi\u00e9n se han revalidado las acreditaciones de dos establecimientos de Igualada, que ya hace a\u00f1os que disponen de esta acreditaci\u00f3n: la Fundaci\u00f3n Sanitaria de Igualada, que ofrece un men\u00fa Amed al personal laboral, y a Cuinats Torres, empresa familiar de comidas preparadas que dispone de una oferta saludable de primeros y seg\u00fan platos cada d\u00eda de la semana.<\/p>\n<p>Con las nuevas adhesiones, ya son 46 los establecimientos en la Catalu\u00f1a Central con capacidad para ofrecer una oferta alimentaria saludable, diariamente, adem\u00e1s de 4.400 comensales.<\/p>\n<p><strong>La acreditaci\u00f3n Amed<\/strong> <br>Para conseguir este distintivo, los establecimientos tienen que cumplir los requisitos de la acreditaci\u00f3n Amed que, entre otros, son garantizar que haya productos integrales, primeros platos a base de verduras, hortalizas o legumbres, carne y pescado a la plancha de segundo, fruta a los postres, l\u00e1cticos sin az\u00facares a\u00f1adidos, agua no envasada de forma habitual y gratuita y la utilizaci\u00f3n de aceite de oliva para ali\u00f1ar y cocinar.<\/p>\n<p>El objetivo de la acreditaci\u00f3n Amed es promover la salud a trav\u00e9s de la mejora de la oferta, la identificaci\u00f3n y la visibilizaci\u00f3n de establecimientos de restauraci\u00f3n que dan valor a la alimentaci\u00f3n mediterr\u00e1nea.<\/p>\n<p>Junto con la acreditaci\u00f3n, se libran unos adhesivos identificativos y unos tr\u00edpticos, que informan los clientes y usuarios de los establecimientos Amed de las garant\u00edas que ofrecen los establecimientos Amed en cuanto a comer bien y sano.<\/p>\t\t\t\t\t\t\t\t<\/div>\n\t\t\t\t<\/div>\n\t\t\t\t\t<\/div>\n\t\t<\/div>\n\t\t\t\t\t<\/div>\n\t\t<\/section>\n\t\t\t\t<\/div>\n\t\t","protected":false},"excerpt":{"rendered":"<p>E l Hospital de Sant Jaume ya hab\u00eda tenido la acreditaci\u00f3n, pero lo hab\u00eda perdido a ra\u00edz del cierre de la cafeter\u00eda, obligado por la pandemia. Ahora ya vuelve a&hellip;<\/p>\n","protected":false},"author":1,"featured_media":27210,"comment_status":"closed","ping_status":"closed","sticky":false,"template":"","format":"standard","meta":{"footnotes":""},"categories":[230],"tags":[],"class_list":["post-27211","post","type-post","status-publish","format-standard","has-post-thumbnail","hentry","category-notas-prensa"],"_links":{"self":[{"href":"https:\/\/fssj.es\/es\/wp-json\/wp\/v2\/posts\/27211","targetHints":{"allow":["GET"]}}],"collection":[{"href":"https:\/\/fssj.es\/es\/wp-json\/wp\/v2\/posts"}],"about":[{"href":"https:\/\/fssj.es\/es\/wp-json\/wp\/v2\/types\/post"}],"author":[{"embeddable":true,"href":"https:\/\/fssj.es\/es\/wp-json\/wp\/v2\/users\/1"}],"replies":[{"embeddable":true,"href":"https:\/\/fssj.es\/es\/wp-json\/wp\/v2\/comments?post=27211"}],"version-history":[{"count":2,"href":"https:\/\/fssj.es\/es\/wp-json\/wp\/v2\/posts\/27211\/revisions"}],"predecessor-version":[{"id":27213,"href":"https:\/\/fssj.es\/es\/wp-json\/wp\/v2\/posts\/27211\/revisions\/27213"}],"wp:featuredmedia":[{"embeddable":true,"href":"https:\/\/fssj.es\/es\/wp-json\/wp\/v2\/media\/27210"}],"wp:attachment":[{"href":"https:\/\/fssj.es\/es\/wp-json\/wp\/v2\/media?parent=27211"}],"wp:term":[{"taxonomy":"category","embeddable":true,"href":"https:\/\/fssj.es\/es\/wp-json\/wp\/v2\/categories?post=27211"},{"taxonomy":"post_tag","embeddable":true,"href":"https:\/\/fssj.es\/es\/wp-json\/wp\/v2\/tags?post=27211"}],"curies":[{"name":"wp","href":"https:\/\/api.w.org\/{rel}","templated":true}]}}